{"id":2287,"date":"2023-02-22T11:51:17","date_gmt":"2023-02-22T10:51:17","guid":{"rendered":"https:\/\/www.pf-auteur.com\/blog\/?p=2287"},"modified":"2023-02-22T11:51:19","modified_gmt":"2023-02-22T10:51:19","slug":"le-cycle-des-ramures","status":"publish","type":"post","link":"https:\/\/www.pf-auteur.com\/blog\/le-cycle-des-ramures\/","title":{"rendered":"Le cycle des ramures"},"content":{"rendered":"\n<p class=\"has-text-align-justify\">Lovely\u00a0XYX est le premier roman que j&rsquo;ai auto-\u00e9dit\u00e9, mais <span style=\"background-color:#fcedc1\" class=\"has-inline-background\">ce n&rsquo;est pas le premier roman que j&rsquo;ai \u00e9crit.<\/span> Bien plus t\u00f4t, <span style=\"background-color:#fcedc1\" class=\"has-inline-background\">j&rsquo;ai \u00e9crit <strong>Les music\u00e9ens de Castelbouchon<\/strong><\/span>, le premier tome d&rsquo;une trilogie appel\u00e9e <em>Le cycle des r\u00eavants<\/em>.<\/p>\n\n\n\n<p class=\"has-text-align-justify\">H\u00e9las, cette saga fantasy tire son univers d&rsquo;<strong>un jeu de r\u00f4le bien connu<\/strong>\u00a0: R\u00eave de dragons. Comme vous vous en doutez, <span style=\"background-color:#fcedc1\" class=\"has-inline-background\">tout \u00e7a pose des <strong>probl\u00e8mes de droits<\/strong>\u2026<\/span> j&rsquo;en parlais justement dans un article \u00e9crit en octobre dernier\u00a0: <a href=\"https:\/\/www.pf-auteur.com\/blog\/reve-et-petits-tracas\/\" class=\"ek-link\">R\u00eave et petits tracas<\/a>. Il est temps de faire un point sur le sujet.<\/p>\n\n\n\n<h2 class=\"wp-block-heading\">C&rsquo;est un non cat\u00e9gorique<\/h2>\n\n\n\n<p class=\"has-text-align-justify\">Avec un r\u00e9cit de 90\u00a0000 mots et quelques, d&rsquo;illustrations int\u00e9rieures et d&rsquo;un dossier solide, j&rsquo;ai propos\u00e9 le tout \u00e0 Scriptarium (l&rsquo;\u00e9diteur de R\u00eave de Dragons). \u00c0 l&rsquo;int\u00e9rieur, il y avait plusieurs <strong>solutions<\/strong> que j&rsquo;\u00e9tais pr\u00eat \u00e0 explorer avec eux\u2026 Et si <span style=\"background-color:#fcedc1\" class=\"has-inline-background\">Scriptarium, n&rsquo;a pas \u00e9t\u00e9 r\u00e9fractaire aux <strong>propositions<\/strong><\/span>, l&rsquo;\u00e9diteur devait soumettre le projet \u00e0 l&rsquo;auteur de R\u00eave de Dragon\u00a0: Denis Gerfaud.<\/p>\n\n\n\n<p class=\"has-text-align-justify\">H\u00e9las, c&rsquo;est l\u00e0 o\u00f9 \u00e7a a bloqu\u00e9\u00a0: Denis a <strong>refus\u00e9<\/strong> avant m\u00eame de lire la premi\u00e8re ligne de mon manuscrit, car lui-m\u00eame pense \u00e9crire un roman dans son univers. Bon, admettons\u2026 Toujours est-il que je me retrouve avec <span style=\"background-color:#fcedc1\" class=\"has-inline-background\">un premier tome quasi fini <strong>impossible \u00e0 \u00e9diter<\/strong>.<\/span><\/p>\n\n\n\n<h2 class=\"wp-block-heading\">Reset mindset<\/h2>\n\n\n\n<p class=\"has-text-align-justify\">Ce cas de figure ne m&rsquo;avait pas \u00e9chapp\u00e9. En r\u00e9alit\u00e9, c&rsquo;est m\u00eame <span style=\"background-color:#fcedc1\" class=\"has-inline-background\">un <strong>soulagement<\/strong> d&rsquo;avoir enfin une r\u00e9ponse<\/span> de Scriptarium\u2026 Et bien oui, \u00e7a faisait plus de deux ans que j&rsquo;avais soumis ce projet \u00e0 l&rsquo;\u00e9diteur et je d\u00e9sesp\u00e9rais d&rsquo;avoir une confirmation (positive ou n\u00e9gative).<\/p>\n\n\n\n<p class=\"has-text-align-justify\">Maintenant que je sais que le <em>Cycle des r\u00eavants<\/em> ne verra jamais le jour, <span style=\"background-color:#fcedc1\" class=\"has-inline-background\">il me faut me concentrer sur son <strong>avenir alternatif<\/strong>.<\/span> Certes, l&rsquo;univers de R\u00eave de Dragons est magnifique, mais h\u00e9\u00a0! <span style=\"background-color:#fcedc1\" class=\"has-inline-background\">Moi aussi j&rsquo;ai de l&rsquo;<strong>imagination<\/strong><\/span> et je suis tout \u00e0 fait capable de <span style=\"background-color:#fcedc1\" class=\"has-inline-background\">remplacer cet univers par le mien <strong>100% original<\/strong>\u00a0!<\/span><\/p>\n\n\n\n<h2 class=\"wp-block-heading\">Le cycle des\u2026<\/h2>\n\n\n\n<p class=\"has-text-align-justify\">\u00c7a tombe bien, car j&rsquo;ai publi\u00e9 Lovely\u00a0XYX, j&rsquo;ai quasiment fini d&rsquo;\u00e9crire Le roi des cancres et les petits ratgiciens (<a href=\"https:\/\/www.pf-auteur.com\/blog\/les-petits-ratgiciens\/\" class=\"ek-link\">des informations ici<\/a>) et j&rsquo;allais commencer un tout nouveau projet\u2026 Nouveau projet qui demande beaucoup de recherches en amont. Et l\u00e0 j&rsquo;ai ce premier roman avort\u00e9 qui me revient dans les pattes. Le timing est parfait\u00a0: je vais mettre mon nouveau projet de c\u00f4t\u00e9 et revenir sur le Cycle des r\u00eav\u2026 d&rsquo;ailleurs <span style=\"background-color:#fcedc1\" class=\"has-inline-background\">il est temps de lui donner <strong>un autre nom<\/strong>.<\/span><\/p>\n\n\n\n<p class=\"has-text-align-justify\">Je r\u00e9fl\u00e9chis et griffonne des notes sur un <strong>mythe originel<\/strong> qui va construire l&rsquo;univers de cette saga fantasy. Je m&rsquo;\u00e9loigne de R\u00eave de dragon tout en gardant en ligne de mire mon manuscrit original. En r\u00e9alit\u00e9, le premier tome, Les music\u00e9ens de Castelbouchon, ne puise pas tant que \u00e7a dans l&rsquo;univers du jeu de r\u00f4le\u2026 c&rsquo;est surtout dans sa suite que je comptais m&rsquo;en servir. Alors je prends en compte les <strong>futurs d\u00e9veloppements sc\u00e9naristiques<\/strong> de ma saga dans mon mythe. Et petit \u00e0 petit\u2026<\/p>\n\n\n\n<h2 class=\"wp-block-heading\">Et petit \u00e0 petit<\/h2>\n\n\n\n<p class=\"has-text-align-justify\"><span style=\"background-color:#fcedc1\" class=\"has-inline-background\">Je me rends compte que <strong>j&rsquo;ai plus de libert\u00e9<\/strong>. <\/span>C&rsquo;est logique vous allez me dire, mais je ne m&rsquo;\u00e9tais pas vraiment rendu compte que <span style=\"background-color:#fcedc1\" class=\"has-inline-background\">R\u00eave de dragons <strong>me limitait<\/strong> cr\u00e9ativement parlant<\/span> jusque-l\u00e0. Par cons\u00e9quent, mon imagination prend son envol, les id\u00e9es se croisent, les influences se m\u00e9langent et <strong>mon mythe s&rsquo;\u00e9toffe<\/strong>.<\/p>\n\n\n\n<blockquote class=\"wp-block-quote is-layout-flow wp-block-quote-is-layout-flow\">\n<p class=\"has-text-align-center\"><em>La vie est un enchev\u00eatrement de mille bois de cerf<\/em><\/p>\n<\/blockquote>\n\n\n\n<p class=\"has-text-align-justify\">En quelques jours, j&rsquo;ai une cosmogonie <strong>originale<\/strong>, des antagonistes <strong>forts<\/strong>, une \u00ab\u00a0couleur\u00a0\u00bb qui <strong>identifiera <\/strong>mon r\u00e9cit. <em>Le cycle des r\u00eavants<\/em> devient <strong><em>Le cycle des ramures<\/em><\/strong>.<\/p>\n\n\n\n<h2 class=\"wp-block-heading\">R\u00e9\u00e9criture<\/h2>\n\n\n\n<p class=\"has-text-align-justify\">Maintenant que le mythe a pris forme, <span style=\"background-color:#fcedc1\" class=\"has-inline-background\">je vais m&rsquo;attaquer \u00e0 la <strong>r\u00e9\u00e9criture<\/strong> du manuscrit.<\/span> Je pourrais me contenter de juste remplacer chaque r\u00e9f\u00e9rence \u00e0 l&rsquo;ancien univers, mais je compte bien reprendre <strong>s\u00e9rieusement <\/strong>le travail.<\/p>\n\n\n\n<p class=\"has-text-align-justify\">Depuis le premier jet de ce r\u00e9cit, il s&rsquo;est pass\u00e9 environ quatre ans (+ un roman + une nouvelle), mon style s&rsquo;est consolid\u00e9, mon vocabulaire s&rsquo;est \u00e9toff\u00e9 et <span style=\"background-color:#fcedc1\" class=\"has-inline-background\">j&rsquo;ai aussi une <strong>meilleure vision<\/strong> des tomes suivants.<\/span> Alors je vais reprendre le <strong>fond <\/strong>et la <strong>forme<\/strong>.<br>Objectif\u00a0: publier le premier tome du <em>Cycle des ramures<\/em> pour <strong>d\u00e9but 2024<\/strong>. Pr\u00eats \u00e0 me suivre dans cette nouvelle aventure\u00a0?<\/p>\n\n\n\n<hr class=\"wp-block-separator has-alpha-channel-opacity\"\/>\n\n\n\n<p class=\"has-text-align-justify\"><span style=\"background-color:#fcedc1\" class=\"has-inline-background\"><strong>Lovely&nbsp;XYX<\/strong> est disponible sur amazon<\/span> en <a aria-label=\"version broch\u00e9 \u00e0 16,90\u20ac (opens in a new tab)\" href=\"https:\/\/www.amazon.fr\/Lovely-XYX-Patrick-Fontaine\/dp\/2958655121\/\" target=\"_blank\" rel=\"noreferrer noopener\" class=\"ek-link\">version broch\u00e9 \u00e0 <strong>16,90\u20ac<\/strong><\/a> et en <a aria-label=\"version num\u00e9rique-kindle \u00e0 4,99\u20ac (opens in a new tab)\" href=\"https:\/\/www.amazon.fr\/Lovely-XYX-Patrick-Fontaine-ebook\/dp\/B0BT2877GB\/\" target=\"_blank\" rel=\"noreferrer noopener\" class=\"ek-link\">version num\u00e9rique-kindle \u00e0 <strong>4,99\u20ac<\/strong><\/a>, et m\u00eame en <strong>gratuit <\/strong>pour ceux qui ont l&rsquo;abonnement kindle.<\/p>\n\n\n<div class=\"wp-block-image\">\n<figure class=\"aligncenter size-full is-resized\"><img loading=\"lazy\" decoding=\"async\" src=\"https:\/\/www.pf-auteur.com\/blog\/wp-content\/uploads\/2023\/02\/hero_lovely-xyx_02b.png\" alt=\"316 pages d'amour, d'humour et de fantastique Tout public malgr\u00e9 les X dans le titre Un cocktail frais, p\u00e9tillant et piquant\" class=\"wp-image-2229\" width=\"576\" height=\"516\" srcset=\"https:\/\/www.pf-auteur.com\/blog\/wp-content\/uploads\/2023\/02\/hero_lovely-xyx_02b.png 768w, https:\/\/www.pf-auteur.com\/blog\/wp-content\/uploads\/2023\/02\/hero_lovely-xyx_02b-300x269.png 300w\" sizes=\"auto, (max-width: 576px) 100vw, 576px\" \/><\/figure>\n<\/div>\n\n\n<div class=\"wp-block-buttons is-layout-flex wp-block-buttons-is-layout-flex\">\n<div class=\"wp-block-button aligncenter\"><a class=\"wp-block-button__link has-background wp-element-button\" href=\"https:\/\/www.amazon.fr\/Lovely-XYX-Patrick-Fontaine\/dp\/2958655121\/\" style=\"background-color:#e36c59\" target=\"_blank\" rel=\"noreferrer noopener\">Achetez Lovely\u00a0XYX<\/a><\/div>\n<\/div>\n\n\n\n<p class=\"has-text-align-justify\">Et si vous \u00eates curieux mais pas encore convaincu, vous pouvez <span style=\"background-color:#fcedc1\" class=\"has-inline-background\">lire les premiers chapitres <\/span><strong><span style=\"background-color:#fcedc1\" class=\"has-inline-background\">gratuitement<\/span> <\/strong>en vous <a href=\"http:\/\/newsletter\" class=\"ek-link\">inscrivant \u00e0 ma <strong>newsletter<\/strong><\/a>.<\/p>\n\n\n\n<hr class=\"wp-block-separator has-alpha-channel-opacity\"\/>\n","protected":false},"excerpt":{"rendered":"<p>Mon tout premier roman dans l&rsquo;univers de R\u00eave de dragons se prend un refus cat\u00e9gorique, mais je ne baisse pas les bras.<\/p>\n","protected":false},"author":1,"featured_media":2294,"comment_status":"open","ping_status":"open","sticky":false,"template":"","format":"standard","meta":{"_editorskit_title_hidden":false,"_editorskit_reading_time":2,"_editorskit_is_block_options_detached":false,"_editorskit_block_options_position":"{}","_jetpack_memberships_contains_paid_content":false,"footnotes":""},"categories":[11,33,25],"tags":[34,21,6],"class_list":["post-2287","post","type-post","status-publish","format-standard","has-post-thumbnail","hentry","category-article","category-le-cycle-des-ramures","category-vie-dauteur","tag-cycle-des-ramures","tag-cycle-des-revants","tag-vie-dauteur"],"yoast_head":"<!-- This site is optimized with the Yoast SEO plugin v27.5 - https:\/\/yoast.com\/product\/yoast-seo-wordpress\/ -->\n<title>Le cycle des ramures - Patrick Fontaine - Auteur<\/title>\n<meta name=\"description\" content=\"Mon tout premier roman dans l&#039;univers de R\u00eave de dragons se prend un refus cat\u00e9gorique, mais je ne baisse pas les bras.\" \/>\n<meta name=\"robots\" content=\"index, follow, max-snippet:-1, max-image-preview:large, max-video-preview:-1\" \/>\n<link rel=\"canonical\" href=\"https:\/\/www.pf-auteur.com\/blog\/le-cycle-des-ramures\/\" \/>\n<meta property=\"og:locale\" content=\"fr_FR\" \/>\n<meta property=\"og:type\" content=\"article\" \/>\n<meta property=\"og:title\" content=\"Le cycle des ramures - Patrick Fontaine - Auteur\" \/>\n<meta property=\"og:description\" content=\"Mon tout premier roman dans l&#039;univers de R\u00eave de dragons se prend un refus cat\u00e9gorique, mais je ne baisse pas les bras.\" \/>\n<meta property=\"og:url\" content=\"https:\/\/www.pf-auteur.com\/blog\/le-cycle-des-ramures\/\" \/>\n<meta property=\"og:site_name\" content=\"Patrick Fontaine - Auteur\" \/>\n<meta property=\"article:publisher\" content=\"https:\/\/www.facebook.com\/PatrickFontaine.auteur\" \/>\n<meta property=\"article:author\" content=\"https:\/\/www.facebook.com\/PatrickFontaine.auteur\" \/>\n<meta property=\"article:published_time\" content=\"2023-02-22T10:51:17+00:00\" \/>\n<meta property=\"article:modified_time\" content=\"2023-02-22T10:51:19+00:00\" \/>\n<meta property=\"og:image\" content=\"https:\/\/www.pf-auteur.com\/blog\/wp-content\/uploads\/2023\/02\/big_image_article_035.jpg\" \/>\n\t<meta property=\"og:image:width\" content=\"768\" \/>\n\t<meta property=\"og:image:height\" content=\"432\" \/>\n\t<meta property=\"og:image:type\" content=\"image\/jpeg\" \/>\n<meta name=\"author\" content=\"Patrick\" \/>\n<meta name=\"twitter:card\" content=\"summary_large_image\" \/>\n<meta name=\"twitter:creator\" content=\"@https:\/\/twitter.com\/hello_patrickF\" \/>\n<meta name=\"twitter:site\" content=\"@hello_patrickF\" \/>\n<meta name=\"twitter:label1\" content=\"\u00c9crit par\" \/>\n\t<meta name=\"twitter:data1\" content=\"Patrick\" \/>\n\t<meta name=\"twitter:label2\" content=\"Dur\u00e9e de lecture estim\u00e9e\" \/>\n\t<meta name=\"twitter:data2\" content=\"4 minutes\" \/>\n<script type=\"application\/ld+json\" class=\"yoast-schema-graph\">{\"@context\":\"https:\\\/\\\/schema.org\",\"@graph\":[{\"@type\":\"Article\",\"@id\":\"https:\\\/\\\/www.pf-auteur.com\\\/blog\\\/le-cycle-des-ramures\\\/#article\",\"isPartOf\":{\"@id\":\"https:\\\/\\\/www.pf-auteur.com\\\/blog\\\/le-cycle-des-ramures\\\/\"},\"author\":{\"name\":\"Patrick\",\"@id\":\"https:\\\/\\\/www.pf-auteur.com\\\/blog\\\/#\\\/schema\\\/person\\\/480604fbab2f497e42c8917bd0ce513e\"},\"headline\":\"Le cycle des ramures\",\"datePublished\":\"2023-02-22T10:51:17+00:00\",\"dateModified\":\"2023-02-22T10:51:19+00:00\",\"mainEntityOfPage\":{\"@id\":\"https:\\\/\\\/www.pf-auteur.com\\\/blog\\\/le-cycle-des-ramures\\\/\"},\"wordCount\":753,\"commentCount\":0,\"publisher\":{\"@id\":\"https:\\\/\\\/www.pf-auteur.com\\\/blog\\\/#\\\/schema\\\/person\\\/480604fbab2f497e42c8917bd0ce513e\"},\"image\":{\"@id\":\"https:\\\/\\\/www.pf-auteur.com\\\/blog\\\/le-cycle-des-ramures\\\/#primaryimage\"},\"thumbnailUrl\":\"https:\\\/\\\/www.pf-auteur.com\\\/blog\\\/wp-content\\\/uploads\\\/2023\\\/02\\\/big_image_article_035.jpg\",\"keywords\":[\"Cycle des Ramures\",\"Cycle des R\u00eavants\",\"Vie d'auteur\"],\"articleSection\":[\"Article\",\"Le cycle des ramures\",\"Vie d'auteur\"],\"inLanguage\":\"fr-FR\",\"potentialAction\":[{\"@type\":\"CommentAction\",\"name\":\"Comment\",\"target\":[\"https:\\\/\\\/www.pf-auteur.com\\\/blog\\\/le-cycle-des-ramures\\\/#respond\"]}]},{\"@type\":\"WebPage\",\"@id\":\"https:\\\/\\\/www.pf-auteur.com\\\/blog\\\/le-cycle-des-ramures\\\/\",\"url\":\"https:\\\/\\\/www.pf-auteur.com\\\/blog\\\/le-cycle-des-ramures\\\/\",\"name\":\"Le cycle des ramures - Patrick Fontaine - Auteur\",\"isPartOf\":{\"@id\":\"https:\\\/\\\/www.pf-auteur.com\\\/blog\\\/#website\"},\"primaryImageOfPage\":{\"@id\":\"https:\\\/\\\/www.pf-auteur.com\\\/blog\\\/le-cycle-des-ramures\\\/#primaryimage\"},\"image\":{\"@id\":\"https:\\\/\\\/www.pf-auteur.com\\\/blog\\\/le-cycle-des-ramures\\\/#primaryimage\"},\"thumbnailUrl\":\"https:\\\/\\\/www.pf-auteur.com\\\/blog\\\/wp-content\\\/uploads\\\/2023\\\/02\\\/big_image_article_035.jpg\",\"datePublished\":\"2023-02-22T10:51:17+00:00\",\"dateModified\":\"2023-02-22T10:51:19+00:00\",\"description\":\"Mon tout premier roman dans l'univers de R\u00eave de dragons se prend un refus cat\u00e9gorique, mais je ne baisse pas les bras.\",\"breadcrumb\":{\"@id\":\"https:\\\/\\\/www.pf-auteur.com\\\/blog\\\/le-cycle-des-ramures\\\/#breadcrumb\"},\"inLanguage\":\"fr-FR\",\"potentialAction\":[{\"@type\":\"ReadAction\",\"target\":[\"https:\\\/\\\/www.pf-auteur.com\\\/blog\\\/le-cycle-des-ramures\\\/\"]}]},{\"@type\":\"ImageObject\",\"inLanguage\":\"fr-FR\",\"@id\":\"https:\\\/\\\/www.pf-auteur.com\\\/blog\\\/le-cycle-des-ramures\\\/#primaryimage\",\"url\":\"https:\\\/\\\/www.pf-auteur.com\\\/blog\\\/wp-content\\\/uploads\\\/2023\\\/02\\\/big_image_article_035.jpg\",\"contentUrl\":\"https:\\\/\\\/www.pf-auteur.com\\\/blog\\\/wp-content\\\/uploads\\\/2023\\\/02\\\/big_image_article_035.jpg\",\"width\":768,\"height\":432,\"caption\":\"Le cycle des ramures\"},{\"@type\":\"BreadcrumbList\",\"@id\":\"https:\\\/\\\/www.pf-auteur.com\\\/blog\\\/le-cycle-des-ramures\\\/#breadcrumb\",\"itemListElement\":[{\"@type\":\"ListItem\",\"position\":1,\"name\":\"Accueil\",\"item\":\"https:\\\/\\\/www.pf-auteur.com\\\/blog\\\/\"},{\"@type\":\"ListItem\",\"position\":2,\"name\":\"Le cycle des ramures\"}]},{\"@type\":\"WebSite\",\"@id\":\"https:\\\/\\\/www.pf-auteur.com\\\/blog\\\/#website\",\"url\":\"https:\\\/\\\/www.pf-auteur.com\\\/blog\\\/\",\"name\":\"Patrick Fontaine - Auteur\",\"description\":\"Fantasy, Fantastique, Romance &amp; Illustration\",\"publisher\":{\"@id\":\"https:\\\/\\\/www.pf-auteur.com\\\/blog\\\/#\\\/schema\\\/person\\\/480604fbab2f497e42c8917bd0ce513e\"},\"potentialAction\":[{\"@type\":\"SearchAction\",\"target\":{\"@type\":\"EntryPoint\",\"urlTemplate\":\"https:\\\/\\\/www.pf-auteur.com\\\/blog\\\/?s={search_term_string}\"},\"query-input\":{\"@type\":\"PropertyValueSpecification\",\"valueRequired\":true,\"valueName\":\"search_term_string\"}}],\"inLanguage\":\"fr-FR\"},{\"@type\":[\"Person\",\"Organization\"],\"@id\":\"https:\\\/\\\/www.pf-auteur.com\\\/blog\\\/#\\\/schema\\\/person\\\/480604fbab2f497e42c8917bd0ce513e\",\"name\":\"Patrick\",\"image\":{\"@type\":\"ImageObject\",\"inLanguage\":\"fr-FR\",\"@id\":\"https:\\\/\\\/secure.gravatar.com\\\/avatar\\\/dc4ed6542089290766e4a561a48ec906f5c2c47cb9086634bc1775aafcb0b85c?s=96&d=mm&r=g\",\"url\":\"https:\\\/\\\/secure.gravatar.com\\\/avatar\\\/dc4ed6542089290766e4a561a48ec906f5c2c47cb9086634bc1775aafcb0b85c?s=96&d=mm&r=g\",\"contentUrl\":\"https:\\\/\\\/secure.gravatar.com\\\/avatar\\\/dc4ed6542089290766e4a561a48ec906f5c2c47cb9086634bc1775aafcb0b85c?s=96&d=mm&r=g\",\"caption\":\"Patrick\"},\"logo\":{\"@id\":\"https:\\\/\\\/secure.gravatar.com\\\/avatar\\\/dc4ed6542089290766e4a561a48ec906f5c2c47cb9086634bc1775aafcb0b85c?s=96&d=mm&r=g\"},\"sameAs\":[\"http:\\\/\\\/www.pf-auteur.com\\\/blog\",\"https:\\\/\\\/www.facebook.com\\\/PatrickFontaine.auteur\",\"https:\\\/\\\/www.instagram.com\\\/patrick.fontaine.auteur\\\/\",\"https:\\\/\\\/x.com\\\/https:\\\/\\\/twitter.com\\\/hello_patrickF\"],\"url\":\"https:\\\/\\\/www.pf-auteur.com\\\/blog\\\/author\\\/blog-auteur\\\/\"}]}<\/script>\n<!-- \/ Yoast SEO plugin. -->","yoast_head_json":{"title":"Le cycle des ramures - Patrick Fontaine - Auteur","description":"Mon tout premier roman dans l'univers de R\u00eave de dragons se prend un refus cat\u00e9gorique, mais je ne baisse pas les bras.","robots":{"index":"index","follow":"follow","max-snippet":"max-snippet:-1","max-image-preview":"max-image-preview:large","max-video-preview":"max-video-preview:-1"},"canonical":"https:\/\/www.pf-auteur.com\/blog\/le-cycle-des-ramures\/","og_locale":"fr_FR","og_type":"article","og_title":"Le cycle des ramures - Patrick Fontaine - Auteur","og_description":"Mon tout premier roman dans l'univers de R\u00eave de dragons se prend un refus cat\u00e9gorique, mais je ne baisse pas les bras.","og_url":"https:\/\/www.pf-auteur.com\/blog\/le-cycle-des-ramures\/","og_site_name":"Patrick Fontaine - Auteur","article_publisher":"https:\/\/www.facebook.com\/PatrickFontaine.auteur","article_author":"https:\/\/www.facebook.com\/PatrickFontaine.auteur","article_published_time":"2023-02-22T10:51:17+00:00","article_modified_time":"2023-02-22T10:51:19+00:00","og_image":[{"width":768,"height":432,"url":"https:\/\/www.pf-auteur.com\/blog\/wp-content\/uploads\/2023\/02\/big_image_article_035.jpg","type":"image\/jpeg"}],"author":"Patrick","twitter_card":"summary_large_image","twitter_creator":"@https:\/\/twitter.com\/hello_patrickF","twitter_site":"@hello_patrickF","twitter_misc":{"\u00c9crit par":"Patrick","Dur\u00e9e de lecture estim\u00e9e":"4 minutes"},"schema":{"@context":"https:\/\/schema.org","@graph":[{"@type":"Article","@id":"https:\/\/www.pf-auteur.com\/blog\/le-cycle-des-ramures\/#article","isPartOf":{"@id":"https:\/\/www.pf-auteur.com\/blog\/le-cycle-des-ramures\/"},"author":{"name":"Patrick","@id":"https:\/\/www.pf-auteur.com\/blog\/#\/schema\/person\/480604fbab2f497e42c8917bd0ce513e"},"headline":"Le cycle des ramures","datePublished":"2023-02-22T10:51:17+00:00","dateModified":"2023-02-22T10:51:19+00:00","mainEntityOfPage":{"@id":"https:\/\/www.pf-auteur.com\/blog\/le-cycle-des-ramures\/"},"wordCount":753,"commentCount":0,"publisher":{"@id":"https:\/\/www.pf-auteur.com\/blog\/#\/schema\/person\/480604fbab2f497e42c8917bd0ce513e"},"image":{"@id":"https:\/\/www.pf-auteur.com\/blog\/le-cycle-des-ramures\/#primaryimage"},"thumbnailUrl":"https:\/\/www.pf-auteur.com\/blog\/wp-content\/uploads\/2023\/02\/big_image_article_035.jpg","keywords":["Cycle des Ramures","Cycle des R\u00eavants","Vie d'auteur"],"articleSection":["Article","Le cycle des ramures","Vie d'auteur"],"inLanguage":"fr-FR","potentialAction":[{"@type":"CommentAction","name":"Comment","target":["https:\/\/www.pf-auteur.com\/blog\/le-cycle-des-ramures\/#respond"]}]},{"@type":"WebPage","@id":"https:\/\/www.pf-auteur.com\/blog\/le-cycle-des-ramures\/","url":"https:\/\/www.pf-auteur.com\/blog\/le-cycle-des-ramures\/","name":"Le cycle des ramures - Patrick Fontaine - Auteur","isPartOf":{"@id":"https:\/\/www.pf-auteur.com\/blog\/#website"},"primaryImageOfPage":{"@id":"https:\/\/www.pf-auteur.com\/blog\/le-cycle-des-ramures\/#primaryimage"},"image":{"@id":"https:\/\/www.pf-auteur.com\/blog\/le-cycle-des-ramures\/#primaryimage"},"thumbnailUrl":"https:\/\/www.pf-auteur.com\/blog\/wp-content\/uploads\/2023\/02\/big_image_article_035.jpg","datePublished":"2023-02-22T10:51:17+00:00","dateModified":"2023-02-22T10:51:19+00:00","description":"Mon tout premier roman dans l'univers de R\u00eave de dragons se prend un refus cat\u00e9gorique, mais je ne baisse pas les bras.","breadcrumb":{"@id":"https:\/\/www.pf-auteur.com\/blog\/le-cycle-des-ramures\/#breadcrumb"},"inLanguage":"fr-FR","potentialAction":[{"@type":"ReadAction","target":["https:\/\/www.pf-auteur.com\/blog\/le-cycle-des-ramures\/"]}]},{"@type":"ImageObject","inLanguage":"fr-FR","@id":"https:\/\/www.pf-auteur.com\/blog\/le-cycle-des-ramures\/#primaryimage","url":"https:\/\/www.pf-auteur.com\/blog\/wp-content\/uploads\/2023\/02\/big_image_article_035.jpg","contentUrl":"https:\/\/www.pf-auteur.com\/blog\/wp-content\/uploads\/2023\/02\/big_image_article_035.jpg","width":768,"height":432,"caption":"Le cycle des ramures"},{"@type":"BreadcrumbList","@id":"https:\/\/www.pf-auteur.com\/blog\/le-cycle-des-ramures\/#breadcrumb","itemListElement":[{"@type":"ListItem","position":1,"name":"Accueil","item":"https:\/\/www.pf-auteur.com\/blog\/"},{"@type":"ListItem","position":2,"name":"Le cycle des ramures"}]},{"@type":"WebSite","@id":"https:\/\/www.pf-auteur.com\/blog\/#website","url":"https:\/\/www.pf-auteur.com\/blog\/","name":"Patrick Fontaine - Auteur","description":"Fantasy, Fantastique, Romance &amp; Illustration","publisher":{"@id":"https:\/\/www.pf-auteur.com\/blog\/#\/schema\/person\/480604fbab2f497e42c8917bd0ce513e"},"potentialAction":[{"@type":"SearchAction","target":{"@type":"EntryPoint","urlTemplate":"https:\/\/www.pf-auteur.com\/blog\/?s={search_term_string}"},"query-input":{"@type":"PropertyValueSpecification","valueRequired":true,"valueName":"search_term_string"}}],"inLanguage":"fr-FR"},{"@type":["Person","Organization"],"@id":"https:\/\/www.pf-auteur.com\/blog\/#\/schema\/person\/480604fbab2f497e42c8917bd0ce513e","name":"Patrick","image":{"@type":"ImageObject","inLanguage":"fr-FR","@id":"https:\/\/secure.gravatar.com\/avatar\/dc4ed6542089290766e4a561a48ec906f5c2c47cb9086634bc1775aafcb0b85c?s=96&d=mm&r=g","url":"https:\/\/secure.gravatar.com\/avatar\/dc4ed6542089290766e4a561a48ec906f5c2c47cb9086634bc1775aafcb0b85c?s=96&d=mm&r=g","contentUrl":"https:\/\/secure.gravatar.com\/avatar\/dc4ed6542089290766e4a561a48ec906f5c2c47cb9086634bc1775aafcb0b85c?s=96&d=mm&r=g","caption":"Patrick"},"logo":{"@id":"https:\/\/secure.gravatar.com\/avatar\/dc4ed6542089290766e4a561a48ec906f5c2c47cb9086634bc1775aafcb0b85c?s=96&d=mm&r=g"},"sameAs":["http:\/\/www.pf-auteur.com\/blog","https:\/\/www.facebook.com\/PatrickFontaine.auteur","https:\/\/www.instagram.com\/patrick.fontaine.auteur\/","https:\/\/x.com\/https:\/\/twitter.com\/hello_patrickF"],"url":"https:\/\/www.pf-auteur.com\/blog\/author\/blog-auteur\/"}]}},"jetpack_featured_media_url":"https:\/\/www.pf-auteur.com\/blog\/wp-content\/uploads\/2023\/02\/big_image_article_035.jpg","jetpack_sharing_enabled":true,"_links":{"self":[{"href":"https:\/\/www.pf-auteur.com\/blog\/wp-json\/wp\/v2\/posts\/2287","targetHints":{"allow":["GET"]}}],"collection":[{"href":"https:\/\/www.pf-auteur.com\/blog\/wp-json\/wp\/v2\/posts"}],"about":[{"href":"https:\/\/www.pf-auteur.com\/blog\/wp-json\/wp\/v2\/types\/post"}],"author":[{"embeddable":true,"href":"https:\/\/www.pf-auteur.com\/blog\/wp-json\/wp\/v2\/users\/1"}],"replies":[{"embeddable":true,"href":"https:\/\/www.pf-auteur.com\/blog\/wp-json\/wp\/v2\/comments?post=2287"}],"version-history":[{"count":7,"href":"https:\/\/www.pf-auteur.com\/blog\/wp-json\/wp\/v2\/posts\/2287\/revisions"}],"predecessor-version":[{"id":2295,"href":"https:\/\/www.pf-auteur.com\/blog\/wp-json\/wp\/v2\/posts\/2287\/revisions\/2295"}],"wp:featuredmedia":[{"embeddable":true,"href":"https:\/\/www.pf-auteur.com\/blog\/wp-json\/wp\/v2\/media\/2294"}],"wp:attachment":[{"href":"https:\/\/www.pf-auteur.com\/blog\/wp-json\/wp\/v2\/media?parent=2287"}],"wp:term":[{"taxonomy":"category","embeddable":true,"href":"https:\/\/www.pf-auteur.com\/blog\/wp-json\/wp\/v2\/categories?post=2287"},{"taxonomy":"post_tag","embeddable":true,"href":"https:\/\/www.pf-auteur.com\/blog\/wp-json\/wp\/v2\/tags?post=2287"}],"curies":[{"name":"wp","href":"https:\/\/api.w.org\/{rel}","templated":true}]}}